{"id":1213,"date":"2024-11-17T11:36:00","date_gmt":"2024-11-17T10:36:00","guid":{"rendered":"https:\/\/mamiglueck.de\/?p=1213"},"modified":"2025-02-24T10:26:53","modified_gmt":"2025-02-24T09:26:53","slug":"wichtel-laterne","status":"publish","type":"post","link":"https:\/\/mamiglueck.de\/?p=1213","title":{"rendered":"Wichtel-Laterne"},"content":{"rendered":"\n<p>Die Wichtellaterne ist fertig gebastelt und steht vor unserer Haust\u00fcre.<br>Wir hoffen sehr, dass unser Weihnachtswichtel sie sieht und Ende November bei uns einzieht\u2026<\/p>\n\n\n\n<p><br>Letztes Jahr hat er uns den Laternenrohling als Abschiedsgru\u00df geschenkt, mit der Bitte diese Laterne zu basteln und drau\u00dfen aufzustellen.<\/p>\n\n\n\n<p>Und das haben wir nat\u00fcrlich auch gemacht. Die Wichtelform habe ich im Internet ausgedruckt und auf schwarzes Tonpapier gepaust. Die Mamigl\u00fcck-Jungs haben &#8222;ihre&#8220; Wichtelform selbst ausgeschnitten und dann haben wir alle Wichtel auf das Transparentpapier geklebt.<\/p>\n\n\n\n<p><br>Wir sind schon sehr gespannt und hoffen sehr, das unser Wichtel wieder bei uns einzieht!<\/p>\n","protected":false},"excerpt":{"rendered":"<p>Die Wichtellaterne ist fertig gebastelt und steht vor unserer Haust\u00fcre.Wir hoffen sehr, dass unser Weihnachtswichtel sie sieht und Ende November bei uns einzieht\u2026 Letztes Jahr hat er uns den Laternenrohling als Abschiedsgru\u00df geschenkt, mit der Bitte diese Laterne zu basteln und drau\u00dfen aufzustellen. Und das haben wir nat\u00fcrlich auch gemacht. Die Wichtelform habe ich im [&hellip;]<\/p>\n","protected":false},"author":1,"featured_media":1214,"comment_status":"open","ping_status":"open","sticky":false,"template":"","format":"standard","meta":{"footnotes":""},"categories":[13],"tags":[871,870,15,186,735,23,24,859,637,632,867,868,765,869],"class_list":["post-1213","post","type-post","status-publish","format-standard","has-post-thumbnail","hentry","category-basteln","tag-advent","tag-adventszeit","tag-basteln-mit-kindern","tag-herbst","tag-laterne","tag-mamiglueck","tag-mamiglueck-2","tag-nicki-w","tag-weihnachten","tag-wichtel","tag-wichtellaterne","tag-wichtelruf","tag-wichtelzauber","tag-wichtelzeit"],"_links":{"self":[{"href":"https:\/\/mamiglueck.de\/index.php?rest_route=\/wp\/v2\/posts\/1213","targetHints":{"allow":["GET"]}}],"collection":[{"href":"https:\/\/mamiglueck.de\/index.php?rest_route=\/wp\/v2\/posts"}],"about":[{"href":"https:\/\/mamiglueck.de\/index.php?rest_route=\/wp\/v2\/types\/post"}],"author":[{"embeddable":true,"href":"https:\/\/mamiglueck.de\/index.php?rest_route=\/wp\/v2\/users\/1"}],"replies":[{"embeddable":true,"href":"https:\/\/mamiglueck.de\/index.php?rest_route=%2Fwp%2Fv2%2Fcomments&post=1213"}],"version-history":[{"count":2,"href":"https:\/\/mamiglueck.de\/index.php?rest_route=\/wp\/v2\/posts\/1213\/revisions"}],"predecessor-version":[{"id":1399,"href":"https:\/\/mamiglueck.de\/index.php?rest_route=\/wp\/v2\/posts\/1213\/revisions\/1399"}],"wp:featuredmedia":[{"embeddable":true,"href":"https:\/\/mamiglueck.de\/index.php?rest_route=\/wp\/v2\/media\/1214"}],"wp:attachment":[{"href":"https:\/\/mamiglueck.de\/index.php?rest_route=%2Fwp%2Fv2%2Fmedia&parent=1213"}],"wp:term":[{"taxonomy":"category","embeddable":true,"href":"https:\/\/mamiglueck.de\/index.php?rest_route=%2Fwp%2Fv2%2Fcategories&post=1213"},{"taxonomy":"post_tag","embeddable":true,"href":"https:\/\/mamiglueck.de\/index.php?rest_route=%2Fwp%2Fv2%2Ftags&post=1213"}],"curies":[{"name":"wp","href":"https:\/\/api.w.org\/{rel}","templated":true}]}}