{"id":572,"date":"2020-04-26T08:44:00","date_gmt":"2020-04-26T06:44:00","guid":{"rendered":"https:\/\/mamiglueck.de\/?p=572"},"modified":"2020-06-11T20:57:19","modified_gmt":"2020-06-11T18:57:19","slug":"in-meinem-auto-wohnt-vermutlich-schon-eine-ganze-marderfamilie","status":"publish","type":"post","link":"https:\/\/mamiglueck.de\/?p=572","title":{"rendered":"\u2026 in meinem Auto wohnt vermutlich schon eine ganze Marderfamilie"},"content":{"rendered":"\n<p>Zuerst jedoch der Anfang. Ich bin Eva, Mama einer dreij\u00e4hrigen Tochter und wohne in NRW.<\/p>\n\n\n\n<p>Ich habe einen Gastbeitrag auf Mamiglueck.de, um von meinem MAMI-Alltag in der wohl bisher ungew\u00f6hnlichsten und nat\u00fcrlich auch einer sehr unsicheren Zeit zu berichten. Vorweg erw\u00e4hnt war mein urspr\u00fcngliche geplantes Thema die VEREINBARKEIT von Kindererziehung\/-betreuung und Beruf als MAMI. Dazu dann beim n\u00e4chsten Mal, so viel sei gesagt, es kam anders, als man denkt und ich sollte \u00fcber meine ungewollte Ausscheidung aus dem Beruf noch froh sein.<\/p>\n\n\n\n<!--more-->\n\n\n\n<p>Die ersten Meldungen \u00fcber die rasante Ausbreitung einer noch unbekannten Infektion gehen durch die Medien, dass das bald auf meinen Alltag einst\u00fcrzte, lie\u00df nicht lang auf sich warten. Alsbald war die Meldung raus \u201eDie Kita bleibt ab Montag auf unbestimmte Zeit geschlossen\u201c. Doch was bedeutet das f\u00fcr mich ?! Zuerst \u201eOh nein, ich kann mich nicht um meine Arbeitssuche k\u00fcmmern, ich muss das Kind (3) betreuen\u201c gefolgt von: \u201eJuhu, na dann machen wir halt die ganzen sch\u00f6nen Ausfl\u00fcge und Sachen, die wir sonst nie machen\u201c , eingeholt von der Vernunft: \u201eMoment mal, wenn die Kita zu ist, ist privat miteinander zum Spielen treffen wohl keine so gute Idee\u201c. Und das war ja erst der Anfang vom Ganzen. Es ist gerade Ende M\u00e4rz.<\/p>\n\n\n\n<p>Ein Plan musste her, schnell, denn die Entspannung ohne den morgendlichen Aufstehzirkus mit Anziehen, Brote machen usw. hielt nur ein paar Tage. Das Internet ist auch jetzt ein Freund und Helfer, oder sollte ich sagen Verwirrer, zum unendlich vielen Screenshots-sammeln-Animierer? Es geht m\u00fc\u00dfig voran. Der Input ist, der Antrieb es umzusetzen nicht. Man ist ja schon l\u00e4ngst mit der 1:1 Betreuung im Gange und parallel unauff\u00e4llig was aushecken? Unm\u00f6glich! Am Abend und in der Nacht l\u00e4uft es auch schlecht, also alle dauerm\u00fcde, denn durch den fehlenden Alltag ist die Abendroutine auch hin\u00fcber. Ich muss dazu erw\u00e4hnen ich habe ein strukturliebendes Kind. \u201eKippelt der Stuhl, ist die ganze K\u00fcche renovierungsbed\u00fcrftig\u201c umschreibt es wohl sehr gut.<\/p>\n\n\n\n<p>Eine rettende Idee stach mir ins Auge und war genau nach meinem Geschmack. Ein <strong>IDEENGLAS gegen Langeweile! <\/strong>Die Rettung! Ich sammle alle m\u00f6glichen Bastelideen der letzte Zeit zusammen und notiere sie auf kleinen Papierstreifen, auch die urspr\u00fcnglich geplanten Osterkleinigkeiten und Spielchen kommen hinzu und im Nu kann es losgehen. Hier sei erw\u00e4hnt, es m\u00fcssen von Anfang an klare Regeln bestehen, wann oder wie oft das Glas zum Einsatz kommt. Ich hab es durch lautstarkes Einfordern merken&nbsp; m\u00fcssen und gebe faierweise den Hinweis. Bei Kleinkinder bringt nat\u00fcrlich das Nichtlesenk\u00f6nnen einen gewissen Vorteil mit sich, denn zieht man BASTELN und ist selbst nicht motiviert, wird einem schon etwas anderes einfallen, aber: DAS KIND WIRD NICHT DIREKT BESPIELT.<\/p>\n\n\n\n<p>Denn das ist im Moment die gr\u00f6\u00dfte Herausforderung. Immer wieder l\u00e4uft es darauf hinaus, dass durch das Fehlen der Kinder und dem Kita-Alltag die Motivation schwindet, selbst Ideen zu entwickeln. Meine Tochter war bisher Spitze darin, sich selbst zu besch\u00e4ftigen, ewig lang Bilder ausmalen oder ein Puzzle spielen, doch im Moment ist es nicht einfach, dass zu erhalten. Ich denke aber, es wird sich die M\u00fche und auch mal der Streit lohnen, denn sonst verlieren wir in der Krisenzeit sehr viele vorhandene Eigenschaften des so sozialen kleinen Wesens Kind. Und das ist der Punkt, der mich am meisten trifft. Ich leide auch, wenn ich nur noch \u00fcber das Handy mit Anderen kommunizieren kann, aber immerhin KANN ich das. Unsere M\u00e4use sind pl\u00f6tzlich \u201eallein\u201c. Nach jeder pfeffrigen Situation versuche ich daran zu denken, um mein Kind besser verstehen zu k\u00f6nnen. Viele schwere Momente, laute Momente, Zickereien und Diskussion r\u00fchren genau daher. Es schmerzt mich sehr, dar\u00fcber nachzudenken, dass das gerade genau so passiert. Aber wir, Mama und \/ oder Papa m\u00fcssen daran denken, wir k\u00f6nnen selbst damit kaum umgehen, die Kleinen jedoch noch viel weniger, sie haben es noch nicht lernen k\u00f6nnen ihre Emotionen richtig zu sortieren.<\/p>\n\n\n\n<p><strong>Um auf die Marderfamilie zur\u00fcckzukommen:<\/strong><\/p>\n\n\n\n<p>Nach heutigem Stand steht mein Fahrzeug seit gut 5 Wochen unbewegt in der Garage. Wir wohnen auf dem Land.<\/p>\n\n\n\n<p>To be continued&#8230;<\/p>\n\n\n\n<p><strong>Danke liebe Eva f\u00fcr deinen tollen Beitrag! \u00dcbrigens gibt es bald wieder einen Artikel mit tollen DIY-Ideen von ihr. <\/strong><\/p>\n\n\n\n<p>Und f\u00fcr alle, die noch auf der Suche nach einem aussergew\u00f6hnlichen, <strong>selbstgen\u00e4hten Mundschutz<\/strong> sind: Eva n\u00e4ht f\u00fcr Mamas &amp; Papas und Kinder in jedem Alter. Bei Interesse k\u00f6nnt ihr euch bei Eva melden: <strong>evklemm@gmail.com<\/strong> oder bei Instagram unter <strong>basteltrude<\/strong><\/p>\n","protected":false},"excerpt":{"rendered":"<p>Zuerst jedoch der Anfang. Ich bin Eva, Mama einer dreij\u00e4hrigen Tochter und wohne in NRW. Ich habe einen Gastbeitrag auf Mamiglueck.de, um von meinem MAMI-Alltag in der wohl bisher ungew\u00f6hnlichsten und nat\u00fcrlich auch einer sehr unsicheren Zeit zu berichten. Vorweg erw\u00e4hnt war mein urspr\u00fcngliche geplantes Thema die VEREINBARKEIT von Kindererziehung\/-betreuung und Beruf als MAMI. Dazu [&hellip;]<\/p>\n","protected":false},"author":4,"featured_media":573,"comment_status":"open","ping_status":"open","sticky":false,"template":"","format":"standard","meta":{"footnotes":""},"categories":[98],"tags":[290,289,292,195,293,8,288,287,291],"class_list":["post-572","post","type-post","status-publish","format-standard","has-post-thumbnail","hentry","category-zum-nachdenken","tag-alltag-mit-kind","tag-auto-bleibt-stehen","tag-bastelideen","tag-corona","tag-ideenglas","tag-kinder","tag-marder","tag-mundschutz","tag-was-fuer-eine-zeit"],"_links":{"self":[{"href":"https:\/\/mamiglueck.de\/index.php?rest_route=\/wp\/v2\/posts\/572","targetHints":{"allow":["GET"]}}],"collection":[{"href":"https:\/\/mamiglueck.de\/index.php?rest_route=\/wp\/v2\/posts"}],"about":[{"href":"https:\/\/mamiglueck.de\/index.php?rest_route=\/wp\/v2\/types\/post"}],"author":[{"embeddable":true,"href":"https:\/\/mamiglueck.de\/index.php?rest_route=\/wp\/v2\/users\/4"}],"replies":[{"embeddable":true,"href":"https:\/\/mamiglueck.de\/index.php?rest_route=%2Fwp%2Fv2%2Fcomments&post=572"}],"version-history":[{"count":3,"href":"https:\/\/mamiglueck.de\/index.php?rest_route=\/wp\/v2\/posts\/572\/revisions"}],"predecessor-version":[{"id":876,"href":"https:\/\/mamiglueck.de\/index.php?rest_route=\/wp\/v2\/posts\/572\/revisions\/876"}],"wp:featuredmedia":[{"embeddable":true,"href":"https:\/\/mamiglueck.de\/index.php?rest_route=\/wp\/v2\/media\/573"}],"wp:attachment":[{"href":"https:\/\/mamiglueck.de\/index.php?rest_route=%2Fwp%2Fv2%2Fmedia&parent=572"}],"wp:term":[{"taxonomy":"category","embeddable":true,"href":"https:\/\/mamiglueck.de\/index.php?rest_route=%2Fwp%2Fv2%2Fcategories&post=572"},{"taxonomy":"post_tag","embeddable":true,"href":"https:\/\/mamiglueck.de\/index.php?rest_route=%2Fwp%2Fv2%2Ftags&post=572"}],"curies":[{"name":"wp","href":"https:\/\/api.w.org\/{rel}","templated":true}]}}