{"id":872,"date":"2020-06-29T04:57:00","date_gmt":"2020-06-29T02:57:00","guid":{"rendered":"https:\/\/mamiglueck.de\/?p=872"},"modified":"2020-07-10T13:48:21","modified_gmt":"2020-07-10T11:48:21","slug":"mundschutz-fuer-kinder","status":"publish","type":"post","link":"https:\/\/mamiglueck.de\/?p=872","title":{"rendered":"Mundschutz f\u00fcr Kinder"},"content":{"rendered":"\n<p class=\"has-text-align-right\">WERBUNG<\/p>\n\n\n\n<p>Die Corona Zeit h\u00e4lt viele \u00dcberraschungen f\u00fcr unsere Kinder bereit.<\/p>\n\n\n\n<p>Eine weitere, die jetzt so langsam beim grossen Mamigl\u00fcck-Jungen zum Tragen kommt, ist der Mundschutz.<\/p>\n\n\n\n<p>Er ist 6 Jahre alt und damit Mundschutzpflichtig. Solange wir viel Zuhause waren, ist das gar nicht so pr\u00e4sent gewesen.<\/p>\n\n\n\n<!--more-->\n\n\n\n<p>Aber jetzt, da es immer mehr Lockerungen gibt, muss auch er seinen Mundschutz dabei haben.<\/p>\n\n\n\n<p>Und so wie wir Grossen uns am Anfang daran gew\u00f6hnen mussten, ist es auch f\u00fcr ihn ungewohnt und wir mussten schon mehrmals umdrehen, weil das gute St\u00fcck Zuhause in der Garderobe lag&#8230;<\/p>\n\n\n\n<p>Da unsere N\u00e4hmaschine und ich leider keine gemeinsame Sprache sprechen, haben wir unsere Mundschutzteilchen gekauft.<\/p>\n\n\n\n<p>F\u00fcr alle, die noch auf der Suche nach einem aussergew\u00f6hnlichen, <strong>selbstgen\u00e4hten Mundschutz<\/strong> sind, wie wir einen haben: Eva n\u00e4ht f\u00fcr Mamas &amp; Papas und Kinder in jedem Alter. Bei Interesse k\u00f6nnt ihr euch bei Eva melden: <strong>evklemm@gmail.com<\/strong> oder bei Instagram unter <strong>basteltrude<\/strong><\/p>\n\n\n\n<p>Aber trotz dieser Gew\u00f6hnung an dieses Teilchen vor dem Mund macht mein grosses Mamigl\u00fcck das wirklich wunderbar.<\/p>\n\n\n\n<p>Einfach weil er weiss, er macht das zum Schutz f\u00fcr Andere.<\/p>\n\n\n\n<p>Und es macht mich als Mami super stolz, dass mein Sohn sozial eingestellt ist und bereit ist, f\u00fcr andere Menschen etwas unangenehmes auf sich zu nehmen!<\/p>\n\n\n\n<p>Ein grosses Lob an dich, mein Kind!<\/p>\n\n\n\n<p>Seid ihr auch Stolz auf eure Kinder, weil sie die Ver\u00e4nderungen tapfer hingenommen haben? Und das noch mit einem L\u00e4cheln?<\/p>\n","protected":false},"excerpt":{"rendered":"<p>WERBUNG Die Corona Zeit h\u00e4lt viele \u00dcberraschungen f\u00fcr unsere Kinder bereit. Eine weitere, die jetzt so langsam beim grossen Mamigl\u00fcck-Jungen zum Tragen kommt, ist der Mundschutz. Er ist 6 Jahre alt und damit Mundschutzpflichtig. Solange wir viel Zuhause waren, ist das gar nicht so pr\u00e4sent gewesen.<\/p>\n","protected":false},"author":1,"featured_media":874,"comment_status":"open","ping_status":"open","sticky":false,"template":"","format":"standard","meta":{"footnotes":""},"categories":[313],"tags":[503,504,8,287],"class_list":["post-872","post","type-post","status-publish","format-standard","has-post-thumbnail","hentry","category-freizeit","tag-ab-6-jahre","tag-gegen-corona","tag-kinder","tag-mundschutz"],"_links":{"self":[{"href":"https:\/\/mamiglueck.de\/index.php?rest_route=\/wp\/v2\/posts\/872","targetHints":{"allow":["GET"]}}],"collection":[{"href":"https:\/\/mamiglueck.de\/index.php?rest_route=\/wp\/v2\/posts"}],"about":[{"href":"https:\/\/mamiglueck.de\/index.php?rest_route=\/wp\/v2\/types\/post"}],"author":[{"embeddable":true,"href":"https:\/\/mamiglueck.de\/index.php?rest_route=\/wp\/v2\/users\/1"}],"replies":[{"embeddable":true,"href":"https:\/\/mamiglueck.de\/index.php?rest_route=%2Fwp%2Fv2%2Fcomments&post=872"}],"version-history":[{"count":2,"href":"https:\/\/mamiglueck.de\/index.php?rest_route=\/wp\/v2\/posts\/872\/revisions"}],"predecessor-version":[{"id":877,"href":"https:\/\/mamiglueck.de\/index.php?rest_route=\/wp\/v2\/posts\/872\/revisions\/877"}],"wp:featuredmedia":[{"embeddable":true,"href":"https:\/\/mamiglueck.de\/index.php?rest_route=\/wp\/v2\/media\/874"}],"wp:attachment":[{"href":"https:\/\/mamiglueck.de\/index.php?rest_route=%2Fwp%2Fv2%2Fmedia&parent=872"}],"wp:term":[{"taxonomy":"category","embeddable":true,"href":"https:\/\/mamiglueck.de\/index.php?rest_route=%2Fwp%2Fv2%2Fcategories&post=872"},{"taxonomy":"post_tag","embeddable":true,"href":"https:\/\/mamiglueck.de\/index.php?rest_route=%2Fwp%2Fv2%2Ftags&post=872"}],"curies":[{"name":"wp","href":"https:\/\/api.w.org\/{rel}","templated":true}]}}