{"id":900,"date":"2020-08-10T12:03:15","date_gmt":"2020-08-10T10:03:15","guid":{"rendered":"https:\/\/mamiglueck.de\/?p=900"},"modified":"2021-09-21T12:18:08","modified_gmt":"2021-09-21T10:18:08","slug":"fotobuch-von-saal-digital","status":"publish","type":"post","link":"https:\/\/mamiglueck.de\/?p=900","title":{"rendered":"Fotobuch von Saal Digital"},"content":{"rendered":"\n<p class=\"has-text-align-right\">WERBUNG<\/p>\n\n\n\n<p>Kennt ihr die Fotob\u00fccher von Saal Digital?<\/p>\n\n\n\n<p>Eine super Fotografin hat mir vor einigen Jahren den Tipp gegeben, Fotob\u00fccher bei Saal Digital zu erstellen.<\/p>\n\n\n\n<p>Und wer einmal ein Fotobuch aus dieser Schmiede in der Hand h\u00e4lt, der bleibt ihnen treu&#8230;<\/p>\n\n\n\n<!--more-->\n\n\n\n<p>Bisher habe ich f\u00fcr die Jahresfotob\u00fccher und die Urlaubsbilder immer die &#8222;normalen&#8220; Fotob\u00fccher verwendet.<\/p>\n\n\n\n<p>Jetzt hatte ich die Gelegenheit die Professional Line zu testen und ich war sehr gespannt auf das Ereignis!<\/p>\n\n\n\n<p>Und was soll ich sagen, ich bin mega begeistert!<\/p>\n\n\n\n<p>Das Cover besteht aus einer Acrylglas-Scheibe und l\u00e4sst die Farben strahlen!<\/p>\n\n\n\n<p>Man hat regelrecht das Gef\u00fchl zusammen mit Ronja im Fliederbusch zu sitzen&#8230;<\/p>\n\n\n\n<figure class=\"wp-block-image size-large\"><img loading=\"lazy\" decoding=\"async\" width=\"1024\" height=\"576\" src=\"https:\/\/mamiglueck.de\/wp-content\/uploads\/2020\/08\/20200810_113920-scaled-e1597053692913-1024x576.jpg\" alt=\"\" class=\"wp-image-902\" srcset=\"https:\/\/mamiglueck.de\/wp-content\/uploads\/2020\/08\/20200810_113920-scaled-e1597053692913-1024x576.jpg 1024w, https:\/\/mamiglueck.de\/wp-content\/uploads\/2020\/08\/20200810_113920-scaled-e1597053692913-300x169.jpg 300w, https:\/\/mamiglueck.de\/wp-content\/uploads\/2020\/08\/20200810_113920-scaled-e1597053692913-768x432.jpg 768w, https:\/\/mamiglueck.de\/wp-content\/uploads\/2020\/08\/20200810_113920-scaled-e1597053692913-1536x864.jpg 1536w, https:\/\/mamiglueck.de\/wp-content\/uploads\/2020\/08\/20200810_113920-scaled-e1597053692913-2048x1152.jpg 2048w, https:\/\/mamiglueck.de\/wp-content\/uploads\/2020\/08\/20200810_113920-scaled-e1597053692913-1000x563.jpg 1000w, https:\/\/mamiglueck.de\/wp-content\/uploads\/2020\/08\/20200810_113920-scaled-e1597053692913-533x300.jpg 533w\" sizes=\"auto, (max-width: 1024px) 100vw, 1024px\" \/><\/figure>\n\n\n\n<p>Durch die Kombination mit dem edlen Lederbezug wirkt das Fotobuch besonders edel.<\/p>\n\n\n\n<p>Ich hab nat\u00fcrlich weiss genommen, passend zur Einrichtung, damit das Fotobuch auch gut ins Wohnzimmer passt&#8230;<\/p>\n\n\n\n<p>Aber es gibt den Bezug zus\u00e4tzlich zu weiss, noch in grau, schwarz, Titanium, Holzoptik Schiefer und Taupe und Naturleinen.<\/p>\n\n\n\n<p>Auch die Seiten dieses aussergew\u00f6hnlichen Fotobuchs sind extra dick und f\u00fchlen sich fantastisch an.<\/p>\n\n\n\n<p>Und nicht nur das Gesamtergebnis ist ein Genuss, auch das &#8222;Machen&#8220; des Fotobuchs ging einfach und mit den vorgegebenen Layouts war es wirklich ein Kinderspiel.<\/p>\n\n\n\n<p>Die Farben der Seiten k\u00f6nnen individuell angepasst werden und unterstreichen damit die Ausdruckskraft der Fotos!<\/p>\n\n\n\n<p>Mein Fazit: Ein super sch\u00f6nes, wirklich aussergew\u00f6hnliches Fotobuch, das perfekt Fotos und Erinnerungen in Szene setzt! Ein Fotobuch in dem gerne gebl\u00e4tter wird, das aber auch Im Regal eine gute Figur macht.<\/p>\n","protected":false},"excerpt":{"rendered":"<p>WERBUNG Kennt ihr die Fotob\u00fccher von Saal Digital? Eine super Fotografin hat mir vor einigen Jahren den Tipp gegeben, Fotob\u00fccher bei Saal Digital zu erstellen. Und wer einmal ein Fotobuch aus dieser Schmiede in der Hand h\u00e4lt, der bleibt ihnen treu&#8230;<\/p>\n","protected":false},"author":1,"featured_media":901,"comment_status":"open","ping_status":"open","sticky":false,"template":"","format":"standard","meta":{"footnotes":""},"categories":[22],"tags":[516,518,519,8,520,517],"class_list":["post-900","post","type-post","status-publish","format-standard","has-post-thumbnail","hentry","category-fotos","tag-fotobuch","tag-fotografie","tag-hunde","tag-kinder","tag-saal-digital","tag-urlaubsfotos"],"_links":{"self":[{"href":"https:\/\/mamiglueck.de\/index.php?rest_route=\/wp\/v2\/posts\/900","targetHints":{"allow":["GET"]}}],"collection":[{"href":"https:\/\/mamiglueck.de\/index.php?rest_route=\/wp\/v2\/posts"}],"about":[{"href":"https:\/\/mamiglueck.de\/index.php?rest_route=\/wp\/v2\/types\/post"}],"author":[{"embeddable":true,"href":"https:\/\/mamiglueck.de\/index.php?rest_route=\/wp\/v2\/users\/1"}],"replies":[{"embeddable":true,"href":"https:\/\/mamiglueck.de\/index.php?rest_route=%2Fwp%2Fv2%2Fcomments&post=900"}],"version-history":[{"count":2,"href":"https:\/\/mamiglueck.de\/index.php?rest_route=\/wp\/v2\/posts\/900\/revisions"}],"predecessor-version":[{"id":904,"href":"https:\/\/mamiglueck.de\/index.php?rest_route=\/wp\/v2\/posts\/900\/revisions\/904"}],"wp:featuredmedia":[{"embeddable":true,"href":"https:\/\/mamiglueck.de\/index.php?rest_route=\/wp\/v2\/media\/901"}],"wp:attachment":[{"href":"https:\/\/mamiglueck.de\/index.php?rest_route=%2Fwp%2Fv2%2Fmedia&parent=900"}],"wp:term":[{"taxonomy":"category","embeddable":true,"href":"https:\/\/mamiglueck.de\/index.php?rest_route=%2Fwp%2Fv2%2Fcategories&post=900"},{"taxonomy":"post_tag","embeddable":true,"href":"https:\/\/mamiglueck.de\/index.php?rest_route=%2Fwp%2Fv2%2Ftags&post=900"}],"curies":[{"name":"wp","href":"https:\/\/api.w.org\/{rel}","templated":true}]}}